{"id":80112,"date":"2020-01-03T20:06:33","date_gmt":"2020-01-03T18:06:33","guid":{"rendered":"http:\/\/smsavall.es\/incendi-dun-habitatge-a-camaril\/"},"modified":"2020-01-03T20:06:33","modified_gmt":"2020-01-03T18:06:33","slug":"incendi-dun-habitatge-a-camaril","status":"publish","type":"post","link":"https:\/\/smsavall.es\/en\/incendi-dun-habitatge-a-camaril\/","title":{"rendered":"Incendi d&#8217;un habitatge a Camaril"},"content":{"rendered":"<p>Extingit un incendi en un habitatge de les Cases d&#8217;Alcanar, partida el Camaril. L&#8217;av\u00eds l&#8217;han rebut a les 20.06h. Ha cremat una habitaci\u00f3 de la planta baixa, amb afectaci\u00f3 del 20%. La resta ha resultat afectat pel fum. S&#8217;han activat 4 dotacions.<\/p>\n<p><img loading=\"lazy\" class=\"fotonews alignnone wp-image-80070 size-full\" src=\"https:\/\/smsavall.es\/wp-content\/uploads\/2020\/01\/20200103_Camaril.jpg\" alt=\"\" width=\"526\" height=\"680\" srcset=\"https:\/\/smsavall.es\/wp-content\/uploads\/2020\/01\/20200103_Camaril.jpg 526w, https:\/\/smsavall.es\/wp-content\/uploads\/2020\/01\/20200103_Camaril-232x300.jpg 232w\" sizes=\"(max-width: 526px) 100vw, 526px\" \/><\/p>\n","protected":false},"excerpt":{"rendered":"<p>Extingit un incendi en un habitatge de les Cases d&#8217;Alcanar, partida el Camaril. L&#8217;av\u00eds l&#8217;han rebut a les 20.06h. Ha cremat una habitaci\u00f3 de la planta baixa, amb afectaci\u00f3 del 20%. La resta ha resultat afectat pel fum. S&#8217;han activat 4 dotacions.<\/p>\n","protected":false},"author":3,"featured_media":80071,"comment_status":"closed","ping_status":"open","sticky":false,"template":"","format":"standard","meta":[],"categories":[88],"tags":[],"_links":{"self":[{"href":"https:\/\/smsavall.es\/en\/wp-json\/wp\/v2\/posts\/80112"}],"collection":[{"href":"https:\/\/smsavall.es\/en\/wp-json\/wp\/v2\/posts"}],"about":[{"href":"https:\/\/smsavall.es\/en\/wp-json\/wp\/v2\/types\/post"}],"author":[{"embeddable":true,"href":"https:\/\/smsavall.es\/en\/wp-json\/wp\/v2\/users\/3"}],"replies":[{"embeddable":true,"href":"https:\/\/smsavall.es\/en\/wp-json\/wp\/v2\/comments?post=80112"}],"version-history":[{"count":0,"href":"https:\/\/smsavall.es\/en\/wp-json\/wp\/v2\/posts\/80112\/revisions"}],"wp:featuredmedia":[{"embeddable":true,"href":"https:\/\/smsavall.es\/en\/wp-json\/wp\/v2\/media\/80071"}],"wp:attachment":[{"href":"https:\/\/smsavall.es\/en\/wp-json\/wp\/v2\/media?parent=80112"}],"wp:term":[{"taxonomy":"category","embeddable":true,"href":"https:\/\/smsavall.es\/en\/wp-json\/wp\/v2\/categories?post=80112"},{"taxonomy":"post_tag","embeddable":true,"href":"https:\/\/smsavall.es\/en\/wp-json\/wp\/v2\/tags?post=80112"}],"curies":[{"name":"wp","href":"https:\/\/api.w.org\/{rel}","templated":true}]}}