{"id":80624,"date":"2020-01-26T09:43:08","date_gmt":"2020-01-26T07:43:08","guid":{"rendered":"http:\/\/smsavall.es\/incendi-dun-habitatge-a-sant-genis-de-palafolls\/"},"modified":"2020-01-26T09:43:08","modified_gmt":"2020-01-26T07:43:08","slug":"incendi-dun-habitatge-a-sant-genis-de-palafolls","status":"publish","type":"post","link":"https:\/\/smsavall.es\/en\/incendi-dun-habitatge-a-sant-genis-de-palafolls\/","title":{"rendered":"Incendi d&#8217;un habitatge a Sant Gen\u00eds de Palafolls"},"content":{"rendered":"<p><span class=\"css-901oao css-16my406 r-1qd0xha r-ad9z0x r-bcqeeo r-qvutc0\">Incendi, en fase de control, d&#8217;una casa a\u00efllada que es troba a la urbanitzaci\u00f3 Ciutat Jard\u00ed de Sant Gen\u00eds de Palafolls. L&#8217;av\u00eds l&#8217;han rebut a les 09.43h. En l&#8217;extinci\u00f3 de l&#8217;incendi, que estava totalment desenvolupat, hi estan treballant 6 dotacions de Bombers.<\/span><span class=\"css-901oao css-16my406 r-1qd0xha r-ad9z0x r-bcqeeo r-qvutc0\">\u00a0No hi ha ferits.\u00a0Continuen treballant en les tasques d&#8217;extinci\u00f3 de la casa. Finalment, ha estat controlat. Ha afectat totalment la casa i n&#8217;ha col\u00b7lapsat una part. En total, s&#8217;han activat 8 dotacions de Bombers.\u00a0<\/span><\/p>\n<p><img loading=\"lazy\" class=\"FOTONEWS alignnone wp-image-80609 size-full\" src=\"https:\/\/smsavall.es\/wp-content\/uploads\/2020\/01\/20200126_Sant-Gen\u00eds-de-Palafolls.jpg\" alt=\"\" width=\"680\" height=\"505\" srcset=\"https:\/\/smsavall.es\/wp-content\/uploads\/2020\/01\/20200126_Sant-Gen\u00eds-de-Palafolls.jpg 680w, https:\/\/smsavall.es\/wp-content\/uploads\/2020\/01\/20200126_Sant-Gen\u00eds-de-Palafolls-300x223.jpg 300w\" sizes=\"(max-width: 680px) 100vw, 680px\" \/><img loading=\"lazy\" class=\"fotonews alignnone wp-image-80606 size-full\" src=\"https:\/\/smsavall.es\/wp-content\/uploads\/2020\/01\/20200126_Sant-Gen\u00eds-de-Palafolls-2.jpg\" alt=\"\" width=\"680\" height=\"505\" srcset=\"https:\/\/smsavall.es\/wp-content\/uploads\/2020\/01\/20200126_Sant-Gen\u00eds-de-Palafolls-2.jpg 680w, https:\/\/smsavall.es\/wp-content\/uploads\/2020\/01\/20200126_Sant-Gen\u00eds-de-Palafolls-2-300x223.jpg 300w\" sizes=\"(max-width: 680px) 100vw, 680px\" \/><\/p>\n","protected":false},"excerpt":{"rendered":"<p>Incendi, en fase de control, d&#8217;una casa a\u00efllada que es troba a la urbanitzaci\u00f3 Ciutat Jard\u00ed de Sant Gen\u00eds de Palafolls. L&#8217;av\u00eds l&#8217;han rebut a les 09.43h. En l&#8217;extinci\u00f3 de l&#8217;incendi, que estava totalment desenvolupat, hi estan treballant 6 dotacions de Bombers.\u00a0No hi ha ferits.\u00a0Continuen treballant en les tasques d&#8217;extinci\u00f3 de la casa. Finalment, ha [&hellip;]<\/p>\n","protected":false},"author":3,"featured_media":80610,"comment_status":"closed","ping_status":"open","sticky":false,"template":"","format":"standard","meta":[],"categories":[88],"tags":[],"_links":{"self":[{"href":"https:\/\/smsavall.es\/en\/wp-json\/wp\/v2\/posts\/80624"}],"collection":[{"href":"https:\/\/smsavall.es\/en\/wp-json\/wp\/v2\/posts"}],"about":[{"href":"https:\/\/smsavall.es\/en\/wp-json\/wp\/v2\/types\/post"}],"author":[{"embeddable":true,"href":"https:\/\/smsavall.es\/en\/wp-json\/wp\/v2\/users\/3"}],"replies":[{"embeddable":true,"href":"https:\/\/smsavall.es\/en\/wp-json\/wp\/v2\/comments?post=80624"}],"version-history":[{"count":0,"href":"https:\/\/smsavall.es\/en\/wp-json\/wp\/v2\/posts\/80624\/revisions"}],"wp:featuredmedia":[{"embeddable":true,"href":"https:\/\/smsavall.es\/en\/wp-json\/wp\/v2\/media\/80610"}],"wp:attachment":[{"href":"https:\/\/smsavall.es\/en\/wp-json\/wp\/v2\/media?parent=80624"}],"wp:term":[{"taxonomy":"category","embeddable":true,"href":"https:\/\/smsavall.es\/en\/wp-json\/wp\/v2\/categories?post=80624"},{"taxonomy":"post_tag","embeddable":true,"href":"https:\/\/smsavall.es\/en\/wp-json\/wp\/v2\/tags?post=80624"}],"curies":[{"name":"wp","href":"https:\/\/api.w.org\/{rel}","templated":true}]}}